{"id":1049,"date":"2012-04-02T12:38:59","date_gmt":"2012-04-02T10:38:59","guid":{"rendered":"http:\/\/2cvorhin.fr\/WordPress3\/?p=1049"},"modified":"2012-04-23T18:45:09","modified_gmt":"2012-04-23T16:45:09","slug":"expo-muntzenheim","status":"publish","type":"post","link":"https:\/\/2cvorhin.fr\/WordPress3\/?p=1049","title":{"rendered":"Expo Muntzenheim"},"content":{"rendered":"<p>Exposition f\u00eate du gateau \u00e0 la carotte de Muntzenheim<\/p>\n<p>Rendez-vous\u00a0 10H30 parking du Decathlon de Colmar .<\/p>\n<p>F\u00eate de village avec d\u00e9gustation de pr\u00e9parations culinaires \u00e0 base de carottes. Nombreuses animations : march\u00e9 aux puces, culte oecum\u00e9nique, repas et animations dans les cours de fermes. Cort\u00e8ge avec d\u00e9fil\u00e9 de chars et de groupes musicaux.<\/p>\n<p><a href=\"https:\/\/2cvorhin.fr\/WordPress3\/?attachment_id=1051\" rel=\"attachment wp-att-1051\"><img loading=\"lazy\" decoding=\"async\" class=\"aligncenter size-full wp-image-1051\" title=\"fete de la carotte\" src=\"https:\/\/2cvorhin.fr\/WordPress3\/wp-content\/uploads\/2012\/04\/fete-de-la-carotte.jpg\" alt=\"\" width=\"698\" height=\"884\" srcset=\"https:\/\/2cvorhin.fr\/WordPress3\/wp-content\/uploads\/2012\/04\/fete-de-la-carotte.jpg 698w, https:\/\/2cvorhin.fr\/WordPress3\/wp-content\/uploads\/2012\/04\/fete-de-la-carotte-236x300.jpg 236w\" sizes=\"auto, (max-width: 698px) 100vw, 698px\" \/><\/a><\/p>\n<p>&nbsp;<\/p>\n<p>&nbsp;<\/p>\n","protected":false},"excerpt":{"rendered":"<p>Exposition f\u00eate du gateau \u00e0 la carotte de Muntzenheim Rendez-vous\u00a0 10H30 parking du Decathlon de Colmar . F\u00eate de village avec d\u00e9gustation de pr\u00e9parations culinaires \u00e0 base de carottes. Nombreuses animations : march\u00e9 aux puces, culte oecum\u00e9nique, repas et animations dans les cours de fermes. Cort\u00e8ge avec d\u00e9fil\u00e9 de chars et de groupes musicaux. &nbsp; &hellip; <\/p>\n<p><a class=\"more-link btn\" href=\"https:\/\/2cvorhin.fr\/WordPress3\/?p=1049\">Lire la suite<\/a><\/p>\n","protected":false},"author":1,"featured_media":0,"comment_status":"closed","ping_status":"open","sticky":false,"template":"","format":"standard","meta":{"_editorskit_title_hidden":false,"_editorskit_reading_time":0,"_editorskit_is_block_options_detached":false,"_editorskit_block_options_position":"{}","om_disable_all_campaigns":false,"footnotes":""},"categories":[4],"tags":[],"class_list":["post-1049","post","type-post","status-publish","format-standard","hentry","category-evenement","nodate","item-wrap"],"_links":{"self":[{"href":"https:\/\/2cvorhin.fr\/WordPress3\/index.php?rest_route=\/wp\/v2\/posts\/1049","targetHints":{"allow":["GET"]}}],"collection":[{"href":"https:\/\/2cvorhin.fr\/WordPress3\/index.php?rest_route=\/wp\/v2\/posts"}],"about":[{"href":"https:\/\/2cvorhin.fr\/WordPress3\/index.php?rest_route=\/wp\/v2\/types\/post"}],"author":[{"embeddable":true,"href":"https:\/\/2cvorhin.fr\/WordPress3\/index.php?rest_route=\/wp\/v2\/users\/1"}],"replies":[{"embeddable":true,"href":"https:\/\/2cvorhin.fr\/WordPress3\/index.php?rest_route=%2Fwp%2Fv2%2Fcomments&post=1049"}],"version-history":[{"count":10,"href":"https:\/\/2cvorhin.fr\/WordPress3\/index.php?rest_route=\/wp\/v2\/posts\/1049\/revisions"}],"predecessor-version":[{"id":1081,"href":"https:\/\/2cvorhin.fr\/WordPress3\/index.php?rest_route=\/wp\/v2\/posts\/1049\/revisions\/1081"}],"wp:attachment":[{"href":"https:\/\/2cvorhin.fr\/WordPress3\/index.php?rest_route=%2Fwp%2Fv2%2Fmedia&parent=1049"}],"wp:term":[{"taxonomy":"category","embeddable":true,"href":"https:\/\/2cvorhin.fr\/WordPress3\/index.php?rest_route=%2Fwp%2Fv2%2Fcategories&post=1049"},{"taxonomy":"post_tag","embeddable":true,"href":"https:\/\/2cvorhin.fr\/WordPress3\/index.php?rest_route=%2Fwp%2Fv2%2Ftags&post=1049"}],"curies":[{"name":"wp","href":"https:\/\/api.w.org\/{rel}","templated":true}]}}