{"id":1065,"date":"2012-04-18T22:58:53","date_gmt":"2012-04-18T20:58:53","guid":{"rendered":"http:\/\/2cvorhin.fr\/WordPress3\/?p=1065"},"modified":"2012-04-18T23:00:05","modified_gmt":"2012-04-18T21:00:05","slug":"le-kenya-en-deuche","status":"publish","type":"post","link":"https:\/\/2cvorhin.fr\/WordPress3\/?p=1065","title":{"rendered":"LE KENYA EN DEUCHE"},"content":{"rendered":"<h1>\u00a0<em><strong><span style=\"font-family: Arial;\">LE KENYA EN DEUCHE<\/span><\/strong><\/em><\/h1>\n<p><span style=\"font-family: Arial; color: #000000;\">\u00a0<\/span><span style=\"color: #000000;\">Carnet de voyage original alliant croquis et aquarelles de Fran\u00e7ois Pessin (auteur du Raid Andin en 2006) et photos et textes de Fr\u00e9d\u00e9ric-Hubert Berl\u00e8que, Le Kenya en Deuche est inspir\u00e9 du Safari 2CV Kenya auquel les 2 co-auteurs ont particip\u00e9.<\/span><\/p>\n<p><span style=\"color: #000000;\">Ils vous livrent dans ce carnet ce qu\u2019ils ont v\u00e9cu, ressenti, d\u00e9couvert et aim\u00e9 de ce p\u00e9riple hors du commun \u00e0 bord de leurs 2CV dans ce pays magnifique qu\u2019est le Kenya. <\/span><\/p>\n<p><span style=\"font-family: Arial; color: #000000;\">\u00a0<\/span><span style=\"color: #000000;\">Rencontres insolites, gal\u00e8res m\u00e9caniques, anecdotes cocasses, tranches de vie du raid et \u00e9motions intenses, revivez avec eux ce qui a fait l\u2019originalit\u00e9 de ce p\u00e9riple en Deuche.<\/span><\/p>\n<p><span style=\"font-family: Arial; color: #000000;\">\u00a0<\/span><span style=\"color: #000000;\">Invitation au voyage et \u00e0 la d\u00e9couverte, ce livre est aussi un nouvel \u00e9pisode de l\u2019in\u00e9puisable saga de la 2CV Citro\u00ebn.<\/span><\/p>\n<p><span style=\"font-family: Arial; color: #000000;\">\u00a0<\/span><span style=\"color: #000000;\">Un livre \u00e0 mettre entre toutes les mains\u00a0!<\/span><\/p>\n<p><span style=\"font-family: Arial; color: #000000;\">\u00a0\u00a0<a href=\"https:\/\/2cvorhin.fr\/WordPress3\/?attachment_id=1068\" rel=\"attachment wp-att-1068\"><img loading=\"lazy\" decoding=\"async\" class=\"aligncenter size-full wp-image-1068\" title=\"kenya1\" src=\"https:\/\/2cvorhin.fr\/WordPress3\/wp-content\/uploads\/2012\/04\/kenya1.jpg\" alt=\"\" width=\"478\" height=\"386\" srcset=\"https:\/\/2cvorhin.fr\/WordPress3\/wp-content\/uploads\/2012\/04\/kenya1.jpg 478w, https:\/\/2cvorhin.fr\/WordPress3\/wp-content\/uploads\/2012\/04\/kenya1-300x242.jpg 300w\" sizes=\"auto, (max-width: 478px) 100vw, 478px\" \/><\/a><\/span><\/p>\n<p align=\"center\">\u00a0<\/p>\n<p align=\"center\"><strong><span style=\"font-family: Arial; color: #000000;\">\u00a0<\/span><\/strong><\/p>\n<p><strong><span style=\"font-family: Arial;\"><em><span style=\"color: #000000;\">LE KENYA EN DEUCHE<\/span><\/em><span style=\"color: #000000;\"> de F-H Berl\u00e8que et F Pessin. 136 pages, 112 photos couleurs, 95 dessins et aquarelles. Format 260&#215;210, couverture cartonn\u00e9e \u2013Prix de lancement sp\u00e9cial clubs 2CV\u00a0: 24 \u20ac (prix public 29 \u20ac). Pour le commander\u00a0: <\/span><\/span><\/strong><a href=\"mailto:fhberleque@yahoo.fr\"><span style=\"font-family: Arial; color: #0000ff;\"><strong>fhberleque@yahoo.fr<\/strong><\/span><\/a><strong><span style=\"font-family: Arial;\"> (pr\u00e9voir 9,75\u20ac de port en suppl\u00e9ment, possibilit\u00e9 d\u2019envoi group\u00e9, tarif en fonction du nombre de livres exp\u00e9di\u00e9s)<\/span><\/strong><\/p>\n<p><strong><\/strong><strong><span style=\"font-family: Arial;\">\u00a0<a href=\"https:\/\/2cvorhin.fr\/WordPress3\/?attachment_id=1070\" rel=\"attachment wp-att-1070\"><img loading=\"lazy\" decoding=\"async\" class=\"aligncenter size-full wp-image-1070\" title=\"kenya2\" src=\"https:\/\/2cvorhin.fr\/WordPress3\/wp-content\/uploads\/2012\/04\/kenya21.jpg\" alt=\"\" width=\"1017\" height=\"343\" srcset=\"https:\/\/2cvorhin.fr\/WordPress3\/wp-content\/uploads\/2012\/04\/kenya21.jpg 1017w, https:\/\/2cvorhin.fr\/WordPress3\/wp-content\/uploads\/2012\/04\/kenya21-300x101.jpg 300w\" sizes=\"auto, (max-width: 1017px) 100vw, 1017px\" \/><\/a><\/span><\/strong><\/p>\n<p>&nbsp;<\/p>\n","protected":false},"excerpt":{"rendered":"<p>\u00a0LE KENYA EN DEUCHE \u00a0Carnet de voyage original alliant croquis et aquarelles de Fran\u00e7ois Pessin (auteur du Raid Andin en 2006) et photos et textes de Fr\u00e9d\u00e9ric-Hubert Berl\u00e8que, Le Kenya en Deuche est inspir\u00e9 du Safari 2CV Kenya auquel les 2 co-auteurs ont particip\u00e9. Ils vous livrent dans ce carnet ce qu\u2019ils ont v\u00e9cu, ressenti, &hellip; <\/p>\n<p><a class=\"more-link btn\" href=\"https:\/\/2cvorhin.fr\/WordPress3\/?p=1065\">Lire la suite<\/a><\/p>\n","protected":false},"author":1,"featured_media":0,"comment_status":"closed","ping_status":"open","sticky":false,"template":"","format":"standard","meta":{"_editorskit_title_hidden":false,"_editorskit_reading_time":0,"_editorskit_is_block_options_detached":false,"_editorskit_block_options_position":"{}","om_disable_all_campaigns":false,"footnotes":""},"categories":[1],"tags":[],"class_list":["post-1065","post","type-post","status-publish","format-standard","hentry","category-uncategorized","nodate","item-wrap"],"_links":{"self":[{"href":"https:\/\/2cvorhin.fr\/WordPress3\/index.php?rest_route=\/wp\/v2\/posts\/1065","targetHints":{"allow":["GET"]}}],"collection":[{"href":"https:\/\/2cvorhin.fr\/WordPress3\/index.php?rest_route=\/wp\/v2\/posts"}],"about":[{"href":"https:\/\/2cvorhin.fr\/WordPress3\/index.php?rest_route=\/wp\/v2\/types\/post"}],"author":[{"embeddable":true,"href":"https:\/\/2cvorhin.fr\/WordPress3\/index.php?rest_route=\/wp\/v2\/users\/1"}],"replies":[{"embeddable":true,"href":"https:\/\/2cvorhin.fr\/WordPress3\/index.php?rest_route=%2Fwp%2Fv2%2Fcomments&post=1065"}],"version-history":[{"count":8,"href":"https:\/\/2cvorhin.fr\/WordPress3\/index.php?rest_route=\/wp\/v2\/posts\/1065\/revisions"}],"predecessor-version":[{"id":1076,"href":"https:\/\/2cvorhin.fr\/WordPress3\/index.php?rest_route=\/wp\/v2\/posts\/1065\/revisions\/1076"}],"wp:attachment":[{"href":"https:\/\/2cvorhin.fr\/WordPress3\/index.php?rest_route=%2Fwp%2Fv2%2Fmedia&parent=1065"}],"wp:term":[{"taxonomy":"category","embeddable":true,"href":"https:\/\/2cvorhin.fr\/WordPress3\/index.php?rest_route=%2Fwp%2Fv2%2Fcategories&post=1065"},{"taxonomy":"post_tag","embeddable":true,"href":"https:\/\/2cvorhin.fr\/WordPress3\/index.php?rest_route=%2Fwp%2Fv2%2Ftags&post=1065"}],"curies":[{"name":"wp","href":"https:\/\/api.w.org\/{rel}","templated":true}]}}