{"id":2735,"date":"2020-09-23T16:00:12","date_gmt":"2020-09-23T14:00:12","guid":{"rendered":"http:\/\/2cvorhin.fr\/WordPress3\/?p=2735"},"modified":"2023-02-05T18:19:14","modified_gmt":"2023-02-05T17:19:14","slug":"sortie-2020-en-images","status":"publish","type":"post","link":"https:\/\/2cvorhin.fr\/WordPress3\/?p=2735","title":{"rendered":"Sorties 2020 en images"},"content":{"rendered":"<h2>Festival v\u00e9hicule ancien Mulhouse\u00a0 12 et 13 Septembre<\/h2>\n<p>&nbsp;<\/p>\n<p><a href=\"https:\/\/2cvorhin.fr\/WordPress3\/wp-content\/uploads\/2020\/09\/festival1.jpg\"><img loading=\"lazy\" decoding=\"async\" class=\"aligncenter size-full wp-image-2838\" src=\"https:\/\/2cvorhin.fr\/WordPress3\/wp-content\/uploads\/2020\/09\/festival1.jpg\" alt=\"\" width=\"885\" height=\"497\" srcset=\"https:\/\/2cvorhin.fr\/WordPress3\/wp-content\/uploads\/2020\/09\/festival1.jpg 885w, https:\/\/2cvorhin.fr\/WordPress3\/wp-content\/uploads\/2020\/09\/festival1-300x168.jpg 300w, https:\/\/2cvorhin.fr\/WordPress3\/wp-content\/uploads\/2020\/09\/festival1-768x431.jpg 768w\" sizes=\"auto, (max-width: 885px) 100vw, 885px\" \/><\/a><\/p>\n<p>&nbsp;<\/p>\n<p><a href=\"https:\/\/2cvorhin.fr\/WordPress3\/wp-content\/uploads\/2020\/09\/festival2.jpg\"><img loading=\"lazy\" decoding=\"async\" class=\"aligncenter size-full wp-image-2839\" src=\"https:\/\/2cvorhin.fr\/WordPress3\/wp-content\/uploads\/2020\/09\/festival2.jpg\" alt=\"\" width=\"703\" height=\"395\" srcset=\"https:\/\/2cvorhin.fr\/WordPress3\/wp-content\/uploads\/2020\/09\/festival2.jpg 703w, https:\/\/2cvorhin.fr\/WordPress3\/wp-content\/uploads\/2020\/09\/festival2-300x169.jpg 300w\" sizes=\"auto, (max-width: 703px) 100vw, 703px\" \/><\/a><\/p>\n<h2>Rallye route du vin le 13 Septembre<\/h2>\n<p><a href=\"https:\/\/2cvorhin.fr\/WordPress3\/wp-content\/uploads\/2020\/09\/rallye1.jpg\"><img loading=\"lazy\" decoding=\"async\" class=\"aligncenter size-full wp-image-2844\" src=\"https:\/\/2cvorhin.fr\/WordPress3\/wp-content\/uploads\/2020\/09\/rallye1.jpg\" alt=\"\" width=\"784\" height=\"588\" srcset=\"https:\/\/2cvorhin.fr\/WordPress3\/wp-content\/uploads\/2020\/09\/rallye1.jpg 784w, https:\/\/2cvorhin.fr\/WordPress3\/wp-content\/uploads\/2020\/09\/rallye1-300x225.jpg 300w, https:\/\/2cvorhin.fr\/WordPress3\/wp-content\/uploads\/2020\/09\/rallye1-768x576.jpg 768w\" sizes=\"auto, (max-width: 784px) 100vw, 784px\" \/><\/a><\/p>\n<h2>Rencontre \u00e0 Still\u00a0 le 5 et 6 Septembre<\/h2>\n<p><a href=\"https:\/\/2cvorhin.fr\/WordPress3\/wp-content\/uploads\/2020\/09\/still2.jpg\"><img loading=\"lazy\" decoding=\"async\" class=\"aligncenter size-full wp-image-2849\" src=\"https:\/\/2cvorhin.fr\/WordPress3\/wp-content\/uploads\/2020\/09\/still2.jpg\" alt=\"\" width=\"689\" height=\"388\" srcset=\"https:\/\/2cvorhin.fr\/WordPress3\/wp-content\/uploads\/2020\/09\/still2.jpg 689w, https:\/\/2cvorhin.fr\/WordPress3\/wp-content\/uploads\/2020\/09\/still2-300x169.jpg 300w\" sizes=\"auto, (max-width: 689px) 100vw, 689px\" \/><\/a><\/p>\n<p>&nbsp;<\/p>\n<p><a href=\"https:\/\/2cvorhin.fr\/WordPress3\/wp-content\/uploads\/2020\/09\/still1.jpg\"><img loading=\"lazy\" decoding=\"async\" class=\"aligncenter size-full wp-image-2848\" src=\"https:\/\/2cvorhin.fr\/WordPress3\/wp-content\/uploads\/2020\/09\/still1.jpg\" alt=\"\" width=\"709\" height=\"399\" srcset=\"https:\/\/2cvorhin.fr\/WordPress3\/wp-content\/uploads\/2020\/09\/still1.jpg 709w, https:\/\/2cvorhin.fr\/WordPress3\/wp-content\/uploads\/2020\/09\/still1-300x169.jpg 300w\" sizes=\"auto, (max-width: 709px) 100vw, 709px\" \/><\/a><\/p>\n<h2>Week-end chez V\u00e9ro et G\u00e9rard\u00a0 le 29 et 30 Aout<\/h2>\n<p><a href=\"https:\/\/2cvorhin.fr\/WordPress3\/wp-content\/uploads\/2020\/09\/melisey2.jpg\"><img loading=\"lazy\" decoding=\"async\" class=\"aligncenter size-full wp-image-2842\" src=\"https:\/\/2cvorhin.fr\/WordPress3\/wp-content\/uploads\/2020\/09\/melisey2.jpg\" alt=\"\" width=\"955\" height=\"178\" srcset=\"https:\/\/2cvorhin.fr\/WordPress3\/wp-content\/uploads\/2020\/09\/melisey2.jpg 955w, https:\/\/2cvorhin.fr\/WordPress3\/wp-content\/uploads\/2020\/09\/melisey2-300x56.jpg 300w, https:\/\/2cvorhin.fr\/WordPress3\/wp-content\/uploads\/2020\/09\/melisey2-768x143.jpg 768w\" sizes=\"auto, (max-width: 955px) 100vw, 955px\" \/><\/a><\/p>\n<p><a href=\"https:\/\/2cvorhin.fr\/WordPress3\/wp-content\/uploads\/2020\/09\/melisey1.jpg\"><img loading=\"lazy\" decoding=\"async\" class=\"aligncenter size-full wp-image-2841\" src=\"https:\/\/2cvorhin.fr\/WordPress3\/wp-content\/uploads\/2020\/09\/melisey1.jpg\" alt=\"\" width=\"530\" height=\"298\" srcset=\"https:\/\/2cvorhin.fr\/WordPress3\/wp-content\/uploads\/2020\/09\/melisey1.jpg 530w, https:\/\/2cvorhin.fr\/WordPress3\/wp-content\/uploads\/2020\/09\/melisey1-300x169.jpg 300w\" sizes=\"auto, (max-width: 530px) 100vw, 530px\" \/><\/a><\/p>\n<p><a href=\"https:\/\/2cvorhin.fr\/WordPress3\/wp-content\/uploads\/2020\/09\/melisey3.jpg\"><img loading=\"lazy\" decoding=\"async\" class=\"aligncenter size-full wp-image-2843\" src=\"https:\/\/2cvorhin.fr\/WordPress3\/wp-content\/uploads\/2020\/09\/melisey3.jpg\" alt=\"\" width=\"462\" height=\"346\" srcset=\"https:\/\/2cvorhin.fr\/WordPress3\/wp-content\/uploads\/2020\/09\/melisey3.jpg 462w, https:\/\/2cvorhin.fr\/WordPress3\/wp-content\/uploads\/2020\/09\/melisey3-300x225.jpg 300w\" sizes=\"auto, (max-width: 462px) 100vw, 462px\" \/><\/a><\/p>\n<h2>Sortie organis\u00e9 par William le 26 Juillet<\/h2>\n<p><a href=\"https:\/\/2cvorhin.fr\/WordPress3\/wp-content\/uploads\/2020\/09\/sortie-william2.jpg\"><img loading=\"lazy\" decoding=\"async\" class=\"aligncenter size-full wp-image-2846\" src=\"https:\/\/2cvorhin.fr\/WordPress3\/wp-content\/uploads\/2020\/09\/sortie-william2.jpg\" alt=\"\" width=\"704\" height=\"396\" srcset=\"https:\/\/2cvorhin.fr\/WordPress3\/wp-content\/uploads\/2020\/09\/sortie-william2.jpg 704w, https:\/\/2cvorhin.fr\/WordPress3\/wp-content\/uploads\/2020\/09\/sortie-william2-300x169.jpg 300w\" sizes=\"auto, (max-width: 704px) 100vw, 704px\" \/><\/a><\/p>\n<p><a href=\"https:\/\/2cvorhin.fr\/WordPress3\/wp-content\/uploads\/2020\/09\/sortie-william3.jpg\"><img loading=\"lazy\" decoding=\"async\" class=\"aligncenter size-full wp-image-2847\" src=\"https:\/\/2cvorhin.fr\/WordPress3\/wp-content\/uploads\/2020\/09\/sortie-william3.jpg\" alt=\"\" width=\"660\" height=\"495\" srcset=\"https:\/\/2cvorhin.fr\/WordPress3\/wp-content\/uploads\/2020\/09\/sortie-william3.jpg 660w, https:\/\/2cvorhin.fr\/WordPress3\/wp-content\/uploads\/2020\/09\/sortie-william3-300x225.jpg 300w\" sizes=\"auto, (max-width: 660px) 100vw, 660px\" \/><\/a><\/p>\n<p><a href=\"https:\/\/2cvorhin.fr\/WordPress3\/wp-content\/uploads\/2020\/09\/sortie-william1.jpg\"><img loading=\"lazy\" decoding=\"async\" class=\"aligncenter size-full wp-image-2845\" src=\"https:\/\/2cvorhin.fr\/WordPress3\/wp-content\/uploads\/2020\/09\/sortie-william1.jpg\" alt=\"\" width=\"710\" height=\"399\" srcset=\"https:\/\/2cvorhin.fr\/WordPress3\/wp-content\/uploads\/2020\/09\/sortie-william1.jpg 710w, https:\/\/2cvorhin.fr\/WordPress3\/wp-content\/uploads\/2020\/09\/sortie-william1-300x169.jpg 300w\" sizes=\"auto, (max-width: 710px) 100vw, 710px\" \/><\/a><\/p>\n<h2>Journ\u00e9e rangement le 20 Juin<\/h2>\n<p><a href=\"https:\/\/2cvorhin.fr\/WordPress3\/wp-content\/uploads\/2020\/09\/journ\u00e9e-rangement.jpg\"><img loading=\"lazy\" decoding=\"async\" class=\"aligncenter size-full wp-image-2840\" src=\"https:\/\/2cvorhin.fr\/WordPress3\/wp-content\/uploads\/2020\/09\/journ\u00e9e-rangement.jpg\" alt=\"\" width=\"727\" height=\"410\" srcset=\"https:\/\/2cvorhin.fr\/WordPress3\/wp-content\/uploads\/2020\/09\/journ\u00e9e-rangement.jpg 727w, https:\/\/2cvorhin.fr\/WordPress3\/wp-content\/uploads\/2020\/09\/journ\u00e9e-rangement-300x169.jpg 300w\" sizes=\"auto, (max-width: 727px) 100vw, 727px\" \/><\/a><\/p>\n<h2>Journ\u00e9e au local le 14 Mars<\/h2>\n<p><a href=\"https:\/\/2cvorhin.fr\/WordPress3\/wp-content\/uploads\/2020\/03\/journ\u00e9e1.jpg\"><img loading=\"lazy\" decoding=\"async\" class=\"aligncenter wp-image-2750\" src=\"https:\/\/2cvorhin.fr\/WordPress3\/wp-content\/uploads\/2020\/03\/journ\u00e9e1.jpg\" alt=\"\" width=\"328\" height=\"436\" \/><\/a><\/p>\n<p>&nbsp;<\/p>\n<p><a href=\"https:\/\/2cvorhin.fr\/WordPress3\/wp-content\/uploads\/2020\/03\/journ\u00e9e2.jpg\"><img loading=\"lazy\" decoding=\"async\" class=\"aligncenter wp-image-2751\" src=\"https:\/\/2cvorhin.fr\/WordPress3\/wp-content\/uploads\/2020\/03\/journ\u00e9e2.jpg\" alt=\"\" width=\"466\" height=\"349\" srcset=\"https:\/\/2cvorhin.fr\/WordPress3\/wp-content\/uploads\/2020\/03\/journ\u00e9e2.jpg 303w, https:\/\/2cvorhin.fr\/WordPress3\/wp-content\/uploads\/2020\/03\/journ\u00e9e2-300x225.jpg 300w\" sizes=\"auto, (max-width: 466px) 100vw, 466px\" \/><\/a><\/p>\n<p>&nbsp;<\/p>\n<h2>Expo a KEMBS le 1er Mars<\/h2>\n<p><a href=\"https:\/\/2cvorhin.fr\/WordPress3\/wp-content\/uploads\/2020\/03\/kembs1.jpg\"><img loading=\"lazy\" decoding=\"async\" class=\"aligncenter size-full wp-image-2748\" src=\"https:\/\/2cvorhin.fr\/WordPress3\/wp-content\/uploads\/2020\/03\/kembs1.jpg\" alt=\"\" width=\"841\" height=\"631\" srcset=\"https:\/\/2cvorhin.fr\/WordPress3\/wp-content\/uploads\/2020\/03\/kembs1.jpg 841w, https:\/\/2cvorhin.fr\/WordPress3\/wp-content\/uploads\/2020\/03\/kembs1-300x225.jpg 300w, https:\/\/2cvorhin.fr\/WordPress3\/wp-content\/uploads\/2020\/03\/kembs1-768x576.jpg 768w, https:\/\/2cvorhin.fr\/WordPress3\/wp-content\/uploads\/2020\/03\/kembs1-750x563.jpg 750w\" sizes=\"auto, (max-width: 841px) 100vw, 841px\" \/><\/a><\/p>\n<p>&nbsp;<\/p>\n<p><a href=\"https:\/\/2cvorhin.fr\/WordPress3\/wp-content\/uploads\/2020\/03\/kembs2.jpg\"><img loading=\"lazy\" decoding=\"async\" class=\"aligncenter size-large wp-image-2749\" src=\"https:\/\/2cvorhin.fr\/WordPress3\/wp-content\/uploads\/2020\/03\/kembs2.jpg\" alt=\"\" width=\"750\" height=\"375\" srcset=\"https:\/\/2cvorhin.fr\/WordPress3\/wp-content\/uploads\/2020\/03\/kembs2.jpg 841w, https:\/\/2cvorhin.fr\/WordPress3\/wp-content\/uploads\/2020\/03\/kembs2-300x150.jpg 300w, https:\/\/2cvorhin.fr\/WordPress3\/wp-content\/uploads\/2020\/03\/kembs2-768x384.jpg 768w, https:\/\/2cvorhin.fr\/WordPress3\/wp-content\/uploads\/2020\/03\/kembs2-750x375.jpg 750w\" sizes=\"auto, (max-width: 750px) 100vw, 750px\" \/><\/a><\/p>\n","protected":false},"excerpt":{"rendered":"<p>Festival v\u00e9hicule ancien Mulhouse\u00a0 12 et 13 Septembre &nbsp; &nbsp; Rallye route du vin le 13 Septembre Rencontre \u00e0 Still\u00a0 le 5 et 6 Septembre &nbsp; Week-end chez V\u00e9ro et G\u00e9rard\u00a0 le 29 et 30 Aout Sortie organis\u00e9 par William le 26 Juillet Journ\u00e9e rangement le 20 Juin Journ\u00e9e au local le 14 Mars &nbsp; &hellip; <\/p>\n<p><a class=\"more-link btn\" href=\"https:\/\/2cvorhin.fr\/WordPress3\/?p=2735\">Lire la suite<\/a><\/p>\n","protected":false},"author":1,"featured_media":0,"comment_status":"closed","ping_status":"open","sticky":false,"template":"","format":"standard","meta":{"_editorskit_title_hidden":false,"_editorskit_reading_time":0,"_editorskit_is_block_options_detached":false,"_editorskit_block_options_position":"{}","om_disable_all_campaigns":false,"footnotes":""},"categories":[1],"tags":[],"class_list":["post-2735","post","type-post","status-publish","format-standard","hentry","category-uncategorized","nodate","item-wrap"],"_links":{"self":[{"href":"https:\/\/2cvorhin.fr\/WordPress3\/index.php?rest_route=\/wp\/v2\/posts\/2735","targetHints":{"allow":["GET"]}}],"collection":[{"href":"https:\/\/2cvorhin.fr\/WordPress3\/index.php?rest_route=\/wp\/v2\/posts"}],"about":[{"href":"https:\/\/2cvorhin.fr\/WordPress3\/index.php?rest_route=\/wp\/v2\/types\/post"}],"author":[{"embeddable":true,"href":"https:\/\/2cvorhin.fr\/WordPress3\/index.php?rest_route=\/wp\/v2\/users\/1"}],"replies":[{"embeddable":true,"href":"https:\/\/2cvorhin.fr\/WordPress3\/index.php?rest_route=%2Fwp%2Fv2%2Fcomments&post=2735"}],"version-history":[{"count":10,"href":"https:\/\/2cvorhin.fr\/WordPress3\/index.php?rest_route=\/wp\/v2\/posts\/2735\/revisions"}],"predecessor-version":[{"id":3103,"href":"https:\/\/2cvorhin.fr\/WordPress3\/index.php?rest_route=\/wp\/v2\/posts\/2735\/revisions\/3103"}],"wp:attachment":[{"href":"https:\/\/2cvorhin.fr\/WordPress3\/index.php?rest_route=%2Fwp%2Fv2%2Fmedia&parent=2735"}],"wp:term":[{"taxonomy":"category","embeddable":true,"href":"https:\/\/2cvorhin.fr\/WordPress3\/index.php?rest_route=%2Fwp%2Fv2%2Fcategories&post=2735"},{"taxonomy":"post_tag","embeddable":true,"href":"https:\/\/2cvorhin.fr\/WordPress3\/index.php?rest_route=%2Fwp%2Fv2%2Ftags&post=2735"}],"curies":[{"name":"wp","href":"https:\/\/api.w.org\/{rel}","templated":true}]}}