{"id":3168,"date":"2023-02-13T21:05:55","date_gmt":"2023-02-13T20:05:55","guid":{"rendered":"http:\/\/2cvorhin.fr\/WordPress3\/?p=3168"},"modified":"2024-12-27T11:15:23","modified_gmt":"2024-12-27T10:15:23","slug":"nouveau-local","status":"publish","type":"post","link":"https:\/\/2cvorhin.fr\/WordPress3\/?p=3168","title":{"rendered":"Nouveau local"},"content":{"rendered":"<p>Ce samedi 11 f\u00e9vrier, les travaux commencent dans le futur local. Nettoyage, travaux d&rsquo;isolation, doublage des murs et du toit. Une belle \u00e9quipe qui s&rsquo;est mise \u00e0 l&rsquo;ouvrage dans la bonne humeur, la journ\u00e9e a \u00e9t\u00e9 efficace.<\/p>\n<p><a href=\"https:\/\/2cvorhin.fr\/WordPress3\/wp-content\/uploads\/2023\/02\/local_001.jpg\"><img loading=\"lazy\" decoding=\"async\" class=\"aligncenter size-large wp-image-3170\" src=\"https:\/\/2cvorhin.fr\/WordPress3\/wp-content\/uploads\/2023\/02\/local_001-1024x768.jpg\" alt=\"\" width=\"600\" height=\"450\" srcset=\"https:\/\/2cvorhin.fr\/WordPress3\/wp-content\/uploads\/2023\/02\/local_001-1024x768.jpg 1024w, https:\/\/2cvorhin.fr\/WordPress3\/wp-content\/uploads\/2023\/02\/local_001-300x225.jpg 300w, https:\/\/2cvorhin.fr\/WordPress3\/wp-content\/uploads\/2023\/02\/local_001-768x576.jpg 768w, https:\/\/2cvorhin.fr\/WordPress3\/wp-content\/uploads\/2023\/02\/local_001.jpg 1600w\" sizes=\"auto, (max-width: 600px) 100vw, 600px\" \/><\/a><\/p>\n<p>Le pr\u00e9sident a pris de la hauteur pour diriger les travaux.<br \/>\n<a href=\"https:\/\/2cvorhin.fr\/WordPress3\/wp-content\/uploads\/2023\/02\/local_002.png\"><img loading=\"lazy\" decoding=\"async\" class=\"size-medium wp-image-3171 alignleft\" src=\"https:\/\/2cvorhin.fr\/WordPress3\/wp-content\/uploads\/2023\/02\/local_002-300x229.png\" alt=\"\" width=\"360\" height=\"275\" srcset=\"https:\/\/2cvorhin.fr\/WordPress3\/wp-content\/uploads\/2023\/02\/local_002-300x229.png 300w, https:\/\/2cvorhin.fr\/WordPress3\/wp-content\/uploads\/2023\/02\/local_002-768x586.png 768w, https:\/\/2cvorhin.fr\/WordPress3\/wp-content\/uploads\/2023\/02\/local_002-1024x782.png 1024w, https:\/\/2cvorhin.fr\/WordPress3\/wp-content\/uploads\/2023\/02\/local_002.png 1531w\" sizes=\"auto, (max-width: 360px) 100vw, 360px\" \/><\/a><\/p>\n","protected":false},"excerpt":{"rendered":"<p>Ce samedi 11 f\u00e9vrier, les travaux commencent dans le futur local. Nettoyage, travaux d&rsquo;isolation, doublage des murs et du toit. Une belle \u00e9quipe qui s&rsquo;est mise \u00e0 l&rsquo;ouvrage dans la bonne humeur, la journ\u00e9e a \u00e9t\u00e9 efficace. Le pr\u00e9sident a pris de la hauteur pour diriger les travaux.<\/p>\n","protected":false},"author":1,"featured_media":0,"comment_status":"closed","ping_status":"open","sticky":false,"template":"","format":"standard","meta":{"_editorskit_title_hidden":false,"_editorskit_reading_time":0,"_editorskit_is_block_options_detached":false,"_editorskit_block_options_position":"{}","om_disable_all_campaigns":false,"footnotes":""},"categories":[1],"tags":[],"class_list":["post-3168","post","type-post","status-publish","format-standard","hentry","category-uncategorized","nodate","item-wrap"],"_links":{"self":[{"href":"https:\/\/2cvorhin.fr\/WordPress3\/index.php?rest_route=\/wp\/v2\/posts\/3168","targetHints":{"allow":["GET"]}}],"collection":[{"href":"https:\/\/2cvorhin.fr\/WordPress3\/index.php?rest_route=\/wp\/v2\/posts"}],"about":[{"href":"https:\/\/2cvorhin.fr\/WordPress3\/index.php?rest_route=\/wp\/v2\/types\/post"}],"author":[{"embeddable":true,"href":"https:\/\/2cvorhin.fr\/WordPress3\/index.php?rest_route=\/wp\/v2\/users\/1"}],"replies":[{"embeddable":true,"href":"https:\/\/2cvorhin.fr\/WordPress3\/index.php?rest_route=%2Fwp%2Fv2%2Fcomments&post=3168"}],"version-history":[{"count":10,"href":"https:\/\/2cvorhin.fr\/WordPress3\/index.php?rest_route=\/wp\/v2\/posts\/3168\/revisions"}],"predecessor-version":[{"id":4080,"href":"https:\/\/2cvorhin.fr\/WordPress3\/index.php?rest_route=\/wp\/v2\/posts\/3168\/revisions\/4080"}],"wp:attachment":[{"href":"https:\/\/2cvorhin.fr\/WordPress3\/index.php?rest_route=%2Fwp%2Fv2%2Fmedia&parent=3168"}],"wp:term":[{"taxonomy":"category","embeddable":true,"href":"https:\/\/2cvorhin.fr\/WordPress3\/index.php?rest_route=%2Fwp%2Fv2%2Fcategories&post=3168"},{"taxonomy":"post_tag","embeddable":true,"href":"https:\/\/2cvorhin.fr\/WordPress3\/index.php?rest_route=%2Fwp%2Fv2%2Ftags&post=3168"}],"curies":[{"name":"wp","href":"https:\/\/api.w.org\/{rel}","templated":true}]}}