{"id":3524,"date":"2023-08-09T14:52:37","date_gmt":"2023-08-09T12:52:37","guid":{"rendered":"http:\/\/2cvorhin.fr\/WordPress3\/?p=3524"},"modified":"2023-08-09T15:04:14","modified_gmt":"2023-08-09T13:04:14","slug":"mondiale-delemont","status":"publish","type":"post","link":"https:\/\/2cvorhin.fr\/WordPress3\/?p=3524","title":{"rendered":"Mondiale Del\u00e9mont"},"content":{"rendered":"<p>24\u00e8me rencontre mondiale 2 CV \u00e0 Del\u00e9mont, au c\u0153ur des montages du Jura Suisse dans un cadre superbe. Quelques 4000 voitures sont venues de toute l&rsquo;Europe et m\u00eame de plus loin pour ce rassemblement festif.<br \/>\nNous \u00e9tions pr\u00e9sents les 5 jours avec beaucoup de rotation. Super ambiance, un peu de pluie pour rendre les terrains glissants.<\/p>\n<p style=\"text-align: center;\"><em><strong>Une vraie mondiale !<\/strong><\/em><\/p>\n<p><a href=\"https:\/\/2cvorhin.fr\/WordPress3\/wp-content\/uploads\/2023\/08\/2-le-camping-de-la-mondiale-282-002.jpg\" target=\"_ blank\"><img decoding=\"async\" class=\"aligncenter size-full wp-image-3453\" src=\"https:\/\/2cvorhin.fr\/WordPress3\/wp-content\/uploads\/2023\/08\/2-le-camping-de-la-mondiale-282-002.jpg\" alt=\"\" \/><\/a><br \/>\n<a href=\"https:\/\/2cvorhin.fr\/WordPress3\/wp-content\/uploads\/2023\/08\/2-le-camping-de-la-mondiale-219-002.jpg\" target=\"_ blank\"><img decoding=\"async\" class=\"aligncenter size-full wp-image-3453\" src=\"https:\/\/2cvorhin.fr\/WordPress3\/wp-content\/uploads\/2023\/08\/2-le-camping-de-la-mondiale-219-002.jpg\" alt=\"\" \/><\/a><br \/>\n<a href=\"https:\/\/2cvorhin.fr\/WordPress3\/wp-content\/uploads\/2023\/08\/2-le-camping-de-la-mondiale-189-002.jpg\" target=\"_ blank\"><img decoding=\"async\" class=\"aligncenter size-full wp-image-3453\" src=\"https:\/\/2cvorhin.fr\/WordPress3\/wp-content\/uploads\/2023\/08\/2-le-camping-de-la-mondiale-189-002.jpg\" alt=\"\" \/><\/a><\/p>\n","protected":false},"excerpt":{"rendered":"<p>24\u00e8me rencontre mondiale 2 CV \u00e0 Del\u00e9mont, au c\u0153ur des montages du Jura Suisse dans un cadre superbe. Quelques 4000 voitures sont venues de toute l&rsquo;Europe et m\u00eame de plus loin pour ce rassemblement festif. Nous \u00e9tions pr\u00e9sents les 5 jours avec beaucoup de rotation. Super ambiance, un peu de pluie pour rendre les terrains &hellip; <\/p>\n<p><a class=\"more-link btn\" href=\"https:\/\/2cvorhin.fr\/WordPress3\/?p=3524\">Lire la suite<\/a><\/p>\n","protected":false},"author":1,"featured_media":0,"comment_status":"closed","ping_status":"open","sticky":false,"template":"","format":"standard","meta":{"_editorskit_title_hidden":false,"_editorskit_reading_time":0,"_editorskit_is_block_options_detached":false,"_editorskit_block_options_position":"{}","om_disable_all_campaigns":false,"footnotes":""},"categories":[1],"tags":[],"class_list":["post-3524","post","type-post","status-publish","format-standard","hentry","category-uncategorized","nodate","item-wrap"],"_links":{"self":[{"href":"https:\/\/2cvorhin.fr\/WordPress3\/index.php?rest_route=\/wp\/v2\/posts\/3524","targetHints":{"allow":["GET"]}}],"collection":[{"href":"https:\/\/2cvorhin.fr\/WordPress3\/index.php?rest_route=\/wp\/v2\/posts"}],"about":[{"href":"https:\/\/2cvorhin.fr\/WordPress3\/index.php?rest_route=\/wp\/v2\/types\/post"}],"author":[{"embeddable":true,"href":"https:\/\/2cvorhin.fr\/WordPress3\/index.php?rest_route=\/wp\/v2\/users\/1"}],"replies":[{"embeddable":true,"href":"https:\/\/2cvorhin.fr\/WordPress3\/index.php?rest_route=%2Fwp%2Fv2%2Fcomments&post=3524"}],"version-history":[{"count":20,"href":"https:\/\/2cvorhin.fr\/WordPress3\/index.php?rest_route=\/wp\/v2\/posts\/3524\/revisions"}],"predecessor-version":[{"id":3544,"href":"https:\/\/2cvorhin.fr\/WordPress3\/index.php?rest_route=\/wp\/v2\/posts\/3524\/revisions\/3544"}],"wp:attachment":[{"href":"https:\/\/2cvorhin.fr\/WordPress3\/index.php?rest_route=%2Fwp%2Fv2%2Fmedia&parent=3524"}],"wp:term":[{"taxonomy":"category","embeddable":true,"href":"https:\/\/2cvorhin.fr\/WordPress3\/index.php?rest_route=%2Fwp%2Fv2%2Fcategories&post=3524"},{"taxonomy":"post_tag","embeddable":true,"href":"https:\/\/2cvorhin.fr\/WordPress3\/index.php?rest_route=%2Fwp%2Fv2%2Ftags&post=3524"}],"curies":[{"name":"wp","href":"https:\/\/api.w.org\/{rel}","templated":true}]}}